{"id":3404,"date":"2025-01-28T15:51:12","date_gmt":"2025-01-28T20:51:12","guid":{"rendered":"https:\/\/mexicocarrental.com.mx\/blog\/?p=3404"},"modified":"2025-05-20T12:44:30","modified_gmt":"2025-05-20T17:44:30","slug":"fitur-2025","status":"publish","type":"post","link":"https:\/\/mexicocarrental.com.mx\/blog\/fitur-2025\/","title":{"rendered":"Mexico Car Rental viaja a Espa\u00f1a para participar en FITUR"},"content":{"rendered":"\n<p>La <strong>45\u00aa Feria Internacional de Turismo (FITUR)<\/strong> acaba de cerrar sus puertas en el recinto ferial de IFEMA, Madrid, y lo ha hecho batiendo r\u00e9cords en todos los sentidos. Desde el primer d\u00eda, el ambiente se sinti\u00f3 vibrante, con miles de personas recorriendo pasillos llenos de colores, m\u00fasica y sabores de todo el mundo. Al final, la organizaci\u00f3n confirm\u00f3 una asistencia aproximada de <strong>m\u00e1s de 250,000 visitantes<\/strong>, entre profesionales y p\u00fablico general, cifra que supera las expectativas de a\u00f1os anteriores.<\/p>\n\n\n\n<h2 class=\"wp-block-heading\"><strong>Destinos y culturas<\/strong><\/h2>\n\n\n\n<p>En esta edici\u00f3n participaron<strong> m\u00e1s de 140 pa\u00edses<\/strong> de los cinco continentes. Cada pabell\u00f3n quiso destacar su identidad \u00fanica, transformando los stands en verdaderos escaparates culturales. Hubo de todo: bailes tradicionales, espect\u00e1culos gastron\u00f3micos, demostraciones de realidad virtual y presentaciones de proyectos innovadores para atraer a futuros viajeros.<\/p>\n\n\n\n<h2 class=\"wp-block-heading\"><strong>Tendencias que marcaron la feria<\/strong><\/h2>\n\n\n\n<ul class=\"wp-block-list\">\n<li><strong>Sostenibilidad y turismo responsable<\/strong>: Una de las estrellas tem\u00e1ticas de FITUR fue la puesta en valor del medio ambiente y las pr\u00e1cticas de viaje que reduzcan la huella de carbono.<\/li>\n\n\n\n<li><strong>Tecnolog\u00eda y transformaci\u00f3n digital<\/strong>: De la mano de nuevas aplicaciones y plataformas, se presentaron soluciones para personalizar al m\u00e1ximo cada viaje, garantizando seguridad y comodidad para el turista moderno.<\/li>\n\n\n\n<li><strong>Experiencias \u00fanicas<\/strong>: Se habl\u00f3 mucho de viajar de forma aut\u00e9ntica, sumergi\u00e9ndose en la cultura local y contribuyendo al desarrollo de las comunidades.<\/li>\n<\/ul>\n\n\n\n<p>Los organizadores de FITUR concluyeron que esta 45\u00aa edici\u00f3n ha superado todas las expectativas, tanto en volumen de negocios como en propuestas innovadoras. La feria se consolida as\u00ed como <strong>un punto de encuentro imprescindible para todos los amantes de los viajes y profesionales del sector<\/strong>.<\/p>\n\n\n\n<p>Por su parte, <strong>Mexico Car Rental<\/strong> celebr\u00f3 su participaci\u00f3n con una alta afluencia de interesados en descubrir el pa\u00eds al volante. Sin duda, nuestra presencia en FITUR marca un antes y un despu\u00e9s para la empresa, que sali\u00f3 del evento con numerosos contactos y acuerdos prometedores.<\/p>\n\n\n\n<p>As\u00ed, culmina otra exitosa edici\u00f3n de la Feria Internacional de Turismo: un espacio donde se tejieron acuerdos, se compartieron experiencias y se encendi\u00f3 la chispa viajera en miles de personas de todas partes del mundo. \u00a1Nos queda la emoci\u00f3n de lo vivido y las ganas de seguir explorando, sobre todo en tierras mexicanas!<\/p>\n\n\n\n<p><strong>\ud83d\udcbc\u00a0<strong>\u00a1Conectemos y hagamos crecer juntos el turismo y la movilidad!<br>Agenda una cita con nosotros: \ud83d\udce9\u00a0<a href=\"mailto:contact@mexicocarrental.com.mx\">contact@mexicocarrental.com.mx<\/a><\/strong><\/strong><\/p>\n","protected":false},"excerpt":{"rendered":"<p>La 45\u00aa Feria Internacional de Turismo (FITUR) acaba de cerrar sus puertas en el recinto ferial de IFEMA, Madrid, y [&hellip;]<\/p>\n","protected":false},"author":6,"featured_media":3889,"comment_status":"closed","ping_status":"open","sticky":false,"template":"","format":"standard","meta":{"_monsterinsights_skip_tracking":false,"_monsterinsights_sitenote_active":false,"_monsterinsights_sitenote_note":"","_monsterinsights_sitenote_category":0,"footnotes":""},"categories":[8,19],"tags":[],"class_list":["post-3404","post","type-post","status-publish","format-standard","has-post-thumbnail","hentry","category-especiales","category-eventos-importantes"],"aioseo_notices":[],"_links":{"self":[{"href":"https:\/\/mexicocarrental.com.mx\/blog\/wp-json\/wp\/v2\/posts\/3404","targetHints":{"allow":["GET"]}}],"collection":[{"href":"https:\/\/mexicocarrental.com.mx\/blog\/wp-json\/wp\/v2\/posts"}],"about":[{"href":"https:\/\/mexicocarrental.com.mx\/blog\/wp-json\/wp\/v2\/types\/post"}],"author":[{"embeddable":true,"href":"https:\/\/mexicocarrental.com.mx\/blog\/wp-json\/wp\/v2\/users\/6"}],"replies":[{"embeddable":true,"href":"https:\/\/mexicocarrental.com.mx\/blog\/wp-json\/wp\/v2\/comments?post=3404"}],"version-history":[{"count":6,"href":"https:\/\/mexicocarrental.com.mx\/blog\/wp-json\/wp\/v2\/posts\/3404\/revisions"}],"predecessor-version":[{"id":3434,"href":"https:\/\/mexicocarrental.com.mx\/blog\/wp-json\/wp\/v2\/posts\/3404\/revisions\/3434"}],"wp:featuredmedia":[{"embeddable":true,"href":"https:\/\/mexicocarrental.com.mx\/blog\/wp-json\/wp\/v2\/media\/3889"}],"wp:attachment":[{"href":"https:\/\/mexicocarrental.com.mx\/blog\/wp-json\/wp\/v2\/media?parent=3404"}],"wp:term":[{"taxonomy":"category","embeddable":true,"href":"https:\/\/mexicocarrental.com.mx\/blog\/wp-json\/wp\/v2\/categories?post=3404"},{"taxonomy":"post_tag","embeddable":true,"href":"https:\/\/mexicocarrental.com.mx\/blog\/wp-json\/wp\/v2\/tags?post=3404"}],"curies":[{"name":"wp","href":"https:\/\/api.w.org\/{rel}","templated":true}]}}